{"id":2664,"date":"2026-04-30T13:55:45","date_gmt":"2026-04-30T16:55:45","guid":{"rendered":"https:\/\/tessa.eng.br\/?p=2664"},"modified":"2026-04-30T14:05:09","modified_gmt":"2026-04-30T17:05:09","slug":"tessa-participa-da-feicon-2026-com-estruturas-metalicas-para-telhados-em-projeto-executado-em-tempo-recorde","status":"publish","type":"post","link":"https:\/\/tessa.eng.br\/es\/2026\/04\/30\/tessa-participa-da-feicon-2026-com-estruturas-metalicas-para-telhados-em-projeto-executado-em-tempo-recorde\/","title":{"rendered":"Tessa participa da Feicon 2026 com estruturas met\u00e1licas para telhados em projeto executado em tempo recorde"},"content":{"rendered":"<div data-elementor-type=\"wp-post\" data-elementor-id=\"2664\" class=\"elementor elementor-2664\">\n\t\t\t\t<div class=\"elementor-element elementor-element-228e8f8 e-flex e-con-boxed wpr-particle-no wpr-jarallax-no wpr-parallax-no wpr-sticky-section-no e-con e-parent\" data-id=\"228e8f8\" data-element_type=\"container\" data-settings=\"{&quot;background_background&quot;:&quot;classic&quot;}\">\n\t\t\t\t\t<div class=\"e-con-inner\">\n\t\t\t\t<div class=\"elementor-element elementor-element-12a8d5b elementor-widget elementor-widget-heading\" data-id=\"12a8d5b\" data-element_type=\"widget\" data-widget_type=\"heading.default\">\n\t\t\t\t\t<h2 class=\"elementor-heading-title elementor-size-default\">Tessa participa da Feicon 2026 com estruturas met\u00e1licas para telhados em projeto executado em tempo recorde<\/h2>\t\t\t\t<\/div>\n\t\t\t\t\t<\/div>\n\t\t\t\t<\/div>\n\t\t<div class=\"elementor-element elementor-element-6f3ebfc posts_custom e-flex e-con-boxed wpr-particle-no wpr-jarallax-no wpr-parallax-no wpr-sticky-section-no e-con e-parent\" data-id=\"6f3ebfc\" data-element_type=\"container\">\n\t\t\t\t\t<div class=\"e-con-inner\">\n\t\t\t\t<div class=\"elementor-element elementor-element-fb5aab5 elementor-widget elementor-widget-image\" data-id=\"fb5aab5\" data-element_type=\"widget\" data-widget_type=\"image.default\">\n\t\t\t\t\t\t\t\t\t\t\t\t\t\t\t<img fetchpriority=\"high\" decoding=\"async\" width=\"800\" height=\"600\" src=\"https:\/\/tessa.eng.br\/wp-content\/uploads\/2026\/04\/feicon-2026-artigo-blog-tessa-capa.webp\" class=\"attachment-large size-large wp-image-2665\" alt=\"\" srcset=\"https:\/\/tessa.eng.br\/wp-content\/uploads\/2026\/04\/feicon-2026-artigo-blog-tessa-capa.webp 1024w, https:\/\/tessa.eng.br\/wp-content\/uploads\/2026\/04\/feicon-2026-artigo-blog-tessa-capa-300x225.webp 300w, https:\/\/tessa.eng.br\/wp-content\/uploads\/2026\/04\/feicon-2026-artigo-blog-tessa-capa-768x576.webp 768w, https:\/\/tessa.eng.br\/wp-content\/uploads\/2026\/04\/feicon-2026-artigo-blog-tessa-capa-16x12.webp 16w\" sizes=\"(max-width: 800px) 100vw, 800px\" \/>\t\t\t\t\t\t\t\t\t\t\t\t\t\t\t<\/div>\n\t\t\t\t<div class=\"elementor-element elementor-element-5628584 elementor-widget elementor-widget-heading\" data-id=\"5628584\" data-element_type=\"widget\" data-widget_type=\"heading.default\">\n\t\t\t\t\t<h2 class=\"elementor-heading-title elementor-size-default\">Evento realizado em abril de 2026 destacou constru\u00e7\u00e3o industrializada e solu\u00e7\u00f5es em a\u00e7o galvanizado.<\/h2>\t\t\t\t<\/div>\n\t\t\t\t<div class=\"elementor-element elementor-element-3cb5a3c elementor-widget-divider--view-line elementor-widget elementor-widget-divider\" data-id=\"3cb5a3c\" data-element_type=\"widget\" data-widget_type=\"divider.default\">\n\t\t\t\t\t\t\t<div class=\"elementor-divider\">\n\t\t\t<span class=\"elementor-divider-separator\">\n\t\t\t\t\t\t<\/span>\n\t\t<\/div>\n\t\t\t\t\t\t<\/div>\n\t\t\t\t<div class=\"elementor-element elementor-element-582405f elementor-widget elementor-widget-text-editor\" data-id=\"582405f\" data-element_type=\"widget\" data-widget_type=\"text-editor.default\">\n\t\t\t\t\t\t\t\t\t<p><span style=\"font-weight: 400;\">Realizada entre os dias 7 e 10 de abril de 2026, no S\u00e3o Paulo Expo, a Feicon 2026 refor\u00e7ou seu papel como principal evento da constru\u00e7\u00e3o civil e arquitetura no Brasil. A edi\u00e7\u00e3o reuniu empresas, profissionais e inova\u00e7\u00f5es voltadas \u00e0 produtividade e industrializa\u00e7\u00e3o do setor. Um dos grandes destaques foi a Casa Cer\u00e2mica, constru\u00edda em apenas 6 dias. Nesse cen\u00e1rio, a Tessa participou diretamente do projeto, aplicando estruturas met\u00e1licas para telhados e demonstrando, na pr\u00e1tica, a efici\u00eancia do a\u00e7o estrutural em obras de r\u00e1pida execu\u00e7\u00e3o.<\/span><\/p>\t\t\t\t\t\t\t\t<\/div>\n\t\t\t\t<div class=\"elementor-element elementor-element-dbb4c97 elementor-widget elementor-widget-heading\" data-id=\"dbb4c97\" data-element_type=\"widget\" data-widget_type=\"heading.default\">\n\t\t\t\t\t<h2 class=\"elementor-heading-title elementor-size-default\">\ud83c\udfd7\ufe0f Constru\u00e7\u00e3o em 6 dias evidencia avan\u00e7o das estruturas met\u00e1licas<\/h2>\t\t\t\t<\/div>\n\t\t\t\t<div class=\"elementor-element elementor-element-83480cf elementor-widget elementor-widget-text-editor\" data-id=\"83480cf\" data-element_type=\"widget\" data-widget_type=\"text-editor.default\">\n\t\t\t\t\t\t\t\t\t<p><span style=\"font-weight: 400;\">A Casa Cer\u00e2mica, com cerca de 44 m\u00b2 a 50 m\u00b2, foi conclu\u00edda em tempo reduzido, comprovando a viabilidade de sistemas construtivos industrializados. A utiliza\u00e7\u00e3o de estrutura met\u00e1lica para telhado foi essencial para garantir agilidade, precis\u00e3o e desempenho t\u00e9cnico.<\/span><\/p><p><span style=\"font-weight: 400;\">As solu\u00e7\u00f5es da Tessa contribu\u00edram para:<\/span><\/p><ul><li style=\"font-weight: 400;\" aria-level=\"1\"><span style=\"font-weight: 400;\">Montagem r\u00e1pida da cobertura<\/span><\/li><li style=\"font-weight: 400;\" aria-level=\"1\"><span style=\"font-weight: 400;\">Padroniza\u00e7\u00e3o estrutural<\/span><\/li><li style=\"font-weight: 400;\" aria-level=\"1\"><span style=\"font-weight: 400;\">Redu\u00e7\u00e3o de desperd\u00edcios<\/span><\/li><li style=\"font-weight: 400;\" aria-level=\"1\"><span style=\"font-weight: 400;\">Alta durabilidade com a\u00e7o galvanizado<\/span><\/li><\/ul><p><span style=\"font-weight: 400;\">Esse modelo construtivo est\u00e1 alinhado com demandas atuais do setor, especialmente em projetos que exigem velocidade e controle de qualidade.<\/span><\/p>\t\t\t\t\t\t\t\t<\/div>\n\t\t\t\t<div class=\"elementor-element elementor-element-55e0798 elementor-widget elementor-widget-heading\" data-id=\"55e0798\" data-element_type=\"widget\" data-widget_type=\"heading.default\">\n\t\t\t\t\t<h2 class=\"elementor-heading-title elementor-size-default\">\ud83c\udfd8\ufe0f Estruturas met\u00e1licas aplicadas em habita\u00e7\u00e3o de larga escala<\/h2>\t\t\t\t<\/div>\n\t\t\t\t<div class=\"elementor-element elementor-element-1f76783 elementor-widget elementor-widget-text-editor\" data-id=\"1f76783\" data-element_type=\"widget\" data-widget_type=\"text-editor.default\">\n\t\t\t\t\t\t\t\t\t<p><span style=\"font-weight: 400;\">A aplica\u00e7\u00e3o de estruturas met\u00e1licas para telhados tamb\u00e9m se destaca em programas habitacionais que exigem escala e efici\u00eancia.<\/span><\/p><p><span style=\"font-weight: 400;\">Entre eles:<\/span><\/p><ul><li style=\"font-weight: 400;\" aria-level=\"1\"><span style=\"font-weight: 400;\">Minha Casa Minha Vida<\/span><\/li><li style=\"font-weight: 400;\" aria-level=\"1\"><span style=\"font-weight: 400;\">CDHU<\/span><\/li><li style=\"font-weight: 400;\" aria-level=\"1\"><span style=\"font-weight: 400;\">Casa Verde e Amarela<\/span><\/li><li style=\"font-weight: 400;\" aria-level=\"1\"><span style=\"font-weight: 400;\">Casa Paulista<\/span><\/li><li style=\"font-weight: 400;\" aria-level=\"1\"><span style=\"font-weight: 400;\">AGEHAB<\/span><\/li><\/ul><p><span style=\"font-weight: 400;\">Nesses projetos, o uso de a\u00e7o estrutural permite obras mais r\u00e1pidas, padronizadas e com menor \u00edndice de retrabalho, fatores essenciais para atender \u00e0 demanda habitacional com qualidade.<\/span><\/p>\t\t\t\t\t\t\t\t<\/div>\n\t\t\t\t<div class=\"elementor-element elementor-element-9366856 elementor-widget elementor-widget-heading\" data-id=\"9366856\" data-element_type=\"widget\" data-widget_type=\"heading.default\">\n\t\t\t\t\t<h2 class=\"elementor-heading-title elementor-size-default\">\ud83e\udd1d Presen\u00e7a na feira fortalece conex\u00f5es e posicionamento<\/h2>\t\t\t\t<\/div>\n\t\t\t\t<div class=\"elementor-element elementor-element-9205a49 elementor-widget elementor-widget-text-editor\" data-id=\"9205a49\" data-element_type=\"widget\" data-widget_type=\"text-editor.default\">\n\t\t\t\t\t\t\t\t\t<p><span style=\"font-weight: 400;\">Durante os quatro dias de evento, a Tessa tamb\u00e9m contou com um stand pr\u00f3prio, apresentando suas principais solu\u00e7\u00f5es ao p\u00fablico da Feicon 2026.<\/span><\/p><p><span style=\"font-weight: 400;\">Entre os produtos destacados:<\/span><\/p><ul><li style=\"font-weight: 400;\" aria-level=\"1\"><span style=\"font-weight: 400;\">Estruturas met\u00e1licas para telhados<\/span><\/li><li style=\"font-weight: 400;\" aria-level=\"1\"><span style=\"font-weight: 400;\">Carport para energia solar<\/span><\/li><li style=\"font-weight: 400;\" aria-level=\"1\"><span style=\"font-weight: 400;\">Estrutura de solo<\/span><\/li><li style=\"font-weight: 400;\" aria-level=\"1\"><span style=\"font-weight: 400;\">Perfis especiais<\/span><\/li><li style=\"font-weight: 400;\" aria-level=\"1\"><span style=\"font-weight: 400;\">Clamp de fixa\u00e7\u00e3o<\/span><\/li><\/ul><p><span style=\"font-weight: 400;\">A participa\u00e7\u00e3o ativa permitiu ampliar o networking com profissionais do setor, integradores e empresas, consolidando novas oportunidades de neg\u00f3cio.<\/span><\/p>\t\t\t\t\t\t\t\t<\/div>\n\t\t\t\t<div class=\"elementor-element elementor-element-d6651aa elementor-widget elementor-widget-heading\" data-id=\"d6651aa\" data-element_type=\"widget\" data-widget_type=\"heading.default\">\n\t\t\t\t\t<h2 class=\"elementor-heading-title elementor-size-default\">\ud83d\udcc8 Expectativa positiva para a Feicon 2027<\/h2>\t\t\t\t<\/div>\n\t\t\t\t<div class=\"elementor-element elementor-element-5d3eb66 elementor-widget elementor-widget-text-editor\" data-id=\"5d3eb66\" data-element_type=\"widget\" data-widget_type=\"text-editor.default\">\n\t\t\t\t\t\t\t\t\t<p><span style=\"font-weight: 400;\">Com alto fluxo de visitantes e forte interesse pelas solu\u00e7\u00f5es apresentadas, a participa\u00e7\u00e3o da Tessa na Feicon 2026 foi considerada um sucesso. O resultado refor\u00e7a a import\u00e2ncia da presen\u00e7a em eventos estrat\u00e9gicos e abre caminho para uma atua\u00e7\u00e3o ainda mais consolidada na edi\u00e7\u00e3o de 2027.<\/span><\/p>\t\t\t\t\t\t\t\t<\/div>\n\t\t\t\t<div class=\"elementor-element elementor-element-558edc0 elementor-widget elementor-widget-heading\" data-id=\"558edc0\" data-element_type=\"widget\" data-widget_type=\"heading.default\">\n\t\t\t\t\t<h2 class=\"elementor-heading-title elementor-size-default\">Conclus\u00e3o<\/h2>\t\t\t\t<\/div>\n\t\t\t\t<div class=\"elementor-element elementor-element-6bcaa9c elementor-widget elementor-widget-text-editor\" data-id=\"6bcaa9c\" data-element_type=\"widget\" data-widget_type=\"text-editor.default\">\n\t\t\t\t\t\t\t\t\t<p><span style=\"font-weight: 400;\">A Feicon 2026 evidenciou uma constru\u00e7\u00e3o civil cada vez mais orientada \u00e0 industrializa\u00e7\u00e3o. A participa\u00e7\u00e3o da Tessa, tanto na execu\u00e7\u00e3o da Casa Cer\u00e2mica quanto na exposi\u00e7\u00e3o de seus produtos, refor\u00e7a o papel das estruturas met\u00e1licas para telhados como solu\u00e7\u00e3o eficiente, dur\u00e1vel e alinhada \u00e0s novas demandas do mercado, especialmente em projetos de grande escala e r\u00e1pida execu\u00e7\u00e3o.<\/span><\/p>\t\t\t\t\t\t\t\t<\/div>\n\t\t\t\t<div class=\"elementor-element elementor-element-249be14 gallery-spacing-custom gallery_imgprod elementor-widget elementor-widget-image-gallery\" data-id=\"249be14\" data-element_type=\"widget\" data-widget_type=\"image-gallery.default\">\n\t\t\t\t\t\t\t<div class=\"elementor-image-gallery\">\n\t\t\t<div id='gallery-1' class='gallery galleryid-2664 gallery-columns-2 gallery-size-full'><figure class='gallery-item'>\n\t\t\t<div class='gallery-icon landscape'>\n\t\t\t\t<a data-elementor-open-lightbox=\"yes\" data-elementor-lightbox-slideshow=\"249be14\" data-elementor-lightbox-title=\"galeria-artigo-feicon-2026-tessa-001\" data-e-action-hash=\"#elementor-action%3Aaction%3Dlightbox%26settings%3DeyJpZCI6MjY2OCwidXJsIjoiaHR0cHM6XC9cL3Rlc3NhLmVuZy5iclwvd3AtY29udGVudFwvdXBsb2Fkc1wvMjAyNlwvMDRcL2dhbGVyaWEtYXJ0aWdvLWZlaWNvbi0yMDI2LXRlc3NhLTAwMS53ZWJwIiwic2xpZGVzaG93IjoiMjQ5YmUxNCJ9\" href='https:\/\/tessa.eng.br\/wp-content\/uploads\/2026\/04\/galeria-artigo-feicon-2026-tessa-001.webp'><img decoding=\"async\" width=\"1200\" height=\"720\" src=\"https:\/\/tessa.eng.br\/wp-content\/uploads\/2026\/04\/galeria-artigo-feicon-2026-tessa-001.webp\" class=\"attachment-full size-full\" alt=\"\" srcset=\"https:\/\/tessa.eng.br\/wp-content\/uploads\/2026\/04\/galeria-artigo-feicon-2026-tessa-001.webp 1200w, https:\/\/tessa.eng.br\/wp-content\/uploads\/2026\/04\/galeria-artigo-feicon-2026-tessa-001-300x180.webp 300w, https:\/\/tessa.eng.br\/wp-content\/uploads\/2026\/04\/galeria-artigo-feicon-2026-tessa-001-1024x614.webp 1024w, https:\/\/tessa.eng.br\/wp-content\/uploads\/2026\/04\/galeria-artigo-feicon-2026-tessa-001-768x461.webp 768w, https:\/\/tessa.eng.br\/wp-content\/uploads\/2026\/04\/galeria-artigo-feicon-2026-tessa-001-18x12.webp 18w\" sizes=\"(max-width: 1200px) 100vw, 1200px\" \/><\/a>\n\t\t\t<\/div><\/figure><figure class='gallery-item'>\n\t\t\t<div class='gallery-icon landscape'>\n\t\t\t\t<a data-elementor-open-lightbox=\"yes\" data-elementor-lightbox-slideshow=\"249be14\" data-elementor-lightbox-title=\"galeria-artigo-feicon-2026-tessa-002\" data-e-action-hash=\"#elementor-action%3Aaction%3Dlightbox%26settings%3DeyJpZCI6MjY2OSwidXJsIjoiaHR0cHM6XC9cL3Rlc3NhLmVuZy5iclwvd3AtY29udGVudFwvdXBsb2Fkc1wvMjAyNlwvMDRcL2dhbGVyaWEtYXJ0aWdvLWZlaWNvbi0yMDI2LXRlc3NhLTAwMi53ZWJwIiwic2xpZGVzaG93IjoiMjQ5YmUxNCJ9\" href='https:\/\/tessa.eng.br\/wp-content\/uploads\/2026\/04\/galeria-artigo-feicon-2026-tessa-002.webp'><img decoding=\"async\" width=\"1200\" height=\"720\" src=\"https:\/\/tessa.eng.br\/wp-content\/uploads\/2026\/04\/galeria-artigo-feicon-2026-tessa-002.webp\" class=\"attachment-full size-full\" alt=\"\" srcset=\"https:\/\/tessa.eng.br\/wp-content\/uploads\/2026\/04\/galeria-artigo-feicon-2026-tessa-002.webp 1200w, https:\/\/tessa.eng.br\/wp-content\/uploads\/2026\/04\/galeria-artigo-feicon-2026-tessa-002-300x180.webp 300w, https:\/\/tessa.eng.br\/wp-content\/uploads\/2026\/04\/galeria-artigo-feicon-2026-tessa-002-1024x614.webp 1024w, https:\/\/tessa.eng.br\/wp-content\/uploads\/2026\/04\/galeria-artigo-feicon-2026-tessa-002-768x461.webp 768w, https:\/\/tessa.eng.br\/wp-content\/uploads\/2026\/04\/galeria-artigo-feicon-2026-tessa-002-18x12.webp 18w\" sizes=\"(max-width: 1200px) 100vw, 1200px\" \/><\/a>\n\t\t\t<\/div><\/figure><figure class='gallery-item'>\n\t\t\t<div class='gallery-icon landscape'>\n\t\t\t\t<a data-elementor-open-lightbox=\"yes\" data-elementor-lightbox-slideshow=\"249be14\" data-elementor-lightbox-title=\"galeria-artigo-feicon-2026-tessa-003\" data-e-action-hash=\"#elementor-action%3Aaction%3Dlightbox%26settings%3DeyJpZCI6MjY3MCwidXJsIjoiaHR0cHM6XC9cL3Rlc3NhLmVuZy5iclwvd3AtY29udGVudFwvdXBsb2Fkc1wvMjAyNlwvMDRcL2dhbGVyaWEtYXJ0aWdvLWZlaWNvbi0yMDI2LXRlc3NhLTAwMy53ZWJwIiwic2xpZGVzaG93IjoiMjQ5YmUxNCJ9\" href='https:\/\/tessa.eng.br\/wp-content\/uploads\/2026\/04\/galeria-artigo-feicon-2026-tessa-003.webp'><img loading=\"lazy\" decoding=\"async\" width=\"1200\" height=\"720\" src=\"https:\/\/tessa.eng.br\/wp-content\/uploads\/2026\/04\/galeria-artigo-feicon-2026-tessa-003.webp\" class=\"attachment-full size-full\" alt=\"\" srcset=\"https:\/\/tessa.eng.br\/wp-content\/uploads\/2026\/04\/galeria-artigo-feicon-2026-tessa-003.webp 1200w, https:\/\/tessa.eng.br\/wp-content\/uploads\/2026\/04\/galeria-artigo-feicon-2026-tessa-003-300x180.webp 300w, https:\/\/tessa.eng.br\/wp-content\/uploads\/2026\/04\/galeria-artigo-feicon-2026-tessa-003-1024x614.webp 1024w, https:\/\/tessa.eng.br\/wp-content\/uploads\/2026\/04\/galeria-artigo-feicon-2026-tessa-003-768x461.webp 768w, https:\/\/tessa.eng.br\/wp-content\/uploads\/2026\/04\/galeria-artigo-feicon-2026-tessa-003-18x12.webp 18w\" sizes=\"(max-width: 1200px) 100vw, 1200px\" \/><\/a>\n\t\t\t<\/div><\/figure><figure class='gallery-item'>\n\t\t\t<div class='gallery-icon landscape'>\n\t\t\t\t<a data-elementor-open-lightbox=\"yes\" data-elementor-lightbox-slideshow=\"249be14\" data-elementor-lightbox-title=\"galeria-artigo-feicon-2026-tessa-004\" data-e-action-hash=\"#elementor-action%3Aaction%3Dlightbox%26settings%3DeyJpZCI6MjY3MSwidXJsIjoiaHR0cHM6XC9cL3Rlc3NhLmVuZy5iclwvd3AtY29udGVudFwvdXBsb2Fkc1wvMjAyNlwvMDRcL2dhbGVyaWEtYXJ0aWdvLWZlaWNvbi0yMDI2LXRlc3NhLTAwNC53ZWJwIiwic2xpZGVzaG93IjoiMjQ5YmUxNCJ9\" href='https:\/\/tessa.eng.br\/wp-content\/uploads\/2026\/04\/galeria-artigo-feicon-2026-tessa-004.webp'><img loading=\"lazy\" decoding=\"async\" width=\"1200\" height=\"720\" src=\"https:\/\/tessa.eng.br\/wp-content\/uploads\/2026\/04\/galeria-artigo-feicon-2026-tessa-004.webp\" class=\"attachment-full size-full\" alt=\"\" srcset=\"https:\/\/tessa.eng.br\/wp-content\/uploads\/2026\/04\/galeria-artigo-feicon-2026-tessa-004.webp 1200w, https:\/\/tessa.eng.br\/wp-content\/uploads\/2026\/04\/galeria-artigo-feicon-2026-tessa-004-300x180.webp 300w, https:\/\/tessa.eng.br\/wp-content\/uploads\/2026\/04\/galeria-artigo-feicon-2026-tessa-004-1024x614.webp 1024w, https:\/\/tessa.eng.br\/wp-content\/uploads\/2026\/04\/galeria-artigo-feicon-2026-tessa-004-768x461.webp 768w, https:\/\/tessa.eng.br\/wp-content\/uploads\/2026\/04\/galeria-artigo-feicon-2026-tessa-004-18x12.webp 18w\" sizes=\"(max-width: 1200px) 100vw, 1200px\" \/><\/a>\n\t\t\t<\/div><\/figure>\n\t\t<\/div>\n\t\t<\/div>\n\t\t\t\t\t\t<\/div>\n\t\t\t\t<div class=\"elementor-element elementor-element-1361068 elementor-widget elementor-widget-text-editor\" data-id=\"1361068\" data-element_type=\"widget\" data-widget_type=\"text-editor.default\">\n\t\t\t\t\t\t\t\t\t<p><b>Quer saber mais?<\/b><span style=\"font-weight: 400;\"> Acesse o <\/span><a href=\"https:\/\/tessa.eng.br\/es\/blog\/\"><span style=\"font-weight: 400;\">blog da Tessa<\/span><\/a><span style=\"font-weight: 400;\"> e acompanhe todas as novidades sobre nossa participa\u00e7\u00e3o na Intersolar 2025 e as inova\u00e7\u00f5es do setor solar.<\/span><\/p>\t\t\t\t\t\t\t\t<\/div>\n\t\t\t\t\t<\/div>\n\t\t\t\t<\/div>\n\t\t\t\t<\/div>","protected":false},"excerpt":{"rendered":"<p>Tessa participa da Feicon 2026 com estruturas met\u00e1licas para telhados em projeto executado em tempo recorde Evento realizado em abril de 2026 destacou constru\u00e7\u00e3o industrializada e solu\u00e7\u00f5es em a\u00e7o galvanizado. Realizada entre os dias 7 e 10 de abril de 2026, no S\u00e3o Paulo Expo, a Feicon 2026 refor\u00e7ou seu papel como principal evento da constru\u00e7\u00e3o civil e arquitetura no Brasil. A edi\u00e7\u00e3o reuniu empresas, profissionais e inova\u00e7\u00f5es voltadas \u00e0 produtividade e industrializa\u00e7\u00e3o do setor. Um dos grandes destaques foi a Casa Cer\u00e2mica, constru\u00edda em apenas 6 dias. Nesse cen\u00e1rio, a Tessa participou diretamente do projeto, aplicando estruturas met\u00e1licas para telhados e demonstrando, na pr\u00e1tica, a efici\u00eancia do a\u00e7o estrutural em obras de r\u00e1pida execu\u00e7\u00e3o. \ud83c\udfd7\ufe0f Constru\u00e7\u00e3o em 6 dias evidencia avan\u00e7o das estruturas met\u00e1licas A Casa Cer\u00e2mica, com cerca de 44 m\u00b2 a 50 m\u00b2, foi conclu\u00edda em tempo reduzido, comprovando a viabilidade de sistemas construtivos industrializados. A utiliza\u00e7\u00e3o de estrutura met\u00e1lica para telhado foi essencial para garantir agilidade, precis\u00e3o e desempenho t\u00e9cnico. As solu\u00e7\u00f5es da Tessa contribu\u00edram para: Montagem r\u00e1pida da cobertura Padroniza\u00e7\u00e3o estrutural Redu\u00e7\u00e3o de desperd\u00edcios Alta durabilidade com a\u00e7o galvanizado Esse modelo construtivo est\u00e1 alinhado com demandas atuais do setor, especialmente em projetos que exigem velocidade e controle de qualidade. \ud83c\udfd8\ufe0f Estruturas met\u00e1licas aplicadas em habita\u00e7\u00e3o de larga escala A aplica\u00e7\u00e3o de estruturas met\u00e1licas para telhados tamb\u00e9m se destaca em programas habitacionais que exigem escala e efici\u00eancia. Entre eles: Minha Casa Minha Vida CDHU Casa Verde e Amarela Casa Paulista AGEHAB Nesses projetos, o uso de a\u00e7o estrutural permite obras mais r\u00e1pidas, padronizadas e com menor \u00edndice de retrabalho, fatores essenciais para atender \u00e0 demanda habitacional com qualidade. \ud83e\udd1d Presen\u00e7a na feira fortalece conex\u00f5es e posicionamento Durante os quatro dias de evento, a Tessa tamb\u00e9m contou com um stand pr\u00f3prio, apresentando suas principais solu\u00e7\u00f5es ao p\u00fablico da Feicon 2026. Entre os produtos destacados: Estruturas met\u00e1licas para telhados Carport para energia solar Estrutura de solo Perfis especiais Clamp de fixa\u00e7\u00e3o A participa\u00e7\u00e3o ativa permitiu ampliar o networking com profissionais do setor, integradores e empresas, consolidando novas oportunidades de neg\u00f3cio. \ud83d\udcc8 Expectativa positiva para a Feicon 2027 Com alto fluxo de visitantes e forte interesse pelas solu\u00e7\u00f5es apresentadas, a participa\u00e7\u00e3o da Tessa na Feicon 2026 foi considerada um sucesso. O resultado refor\u00e7a a import\u00e2ncia da presen\u00e7a em eventos estrat\u00e9gicos e abre caminho para uma atua\u00e7\u00e3o ainda mais consolidada na edi\u00e7\u00e3o de 2027. Conclus\u00e3o A Feicon 2026 evidenciou uma constru\u00e7\u00e3o civil cada vez mais orientada \u00e0 industrializa\u00e7\u00e3o. A participa\u00e7\u00e3o da Tessa, tanto na execu\u00e7\u00e3o da Casa Cer\u00e2mica quanto na exposi\u00e7\u00e3o de seus produtos, refor\u00e7a o papel das estruturas met\u00e1licas para telhados como solu\u00e7\u00e3o eficiente, dur\u00e1vel e alinhada \u00e0s novas demandas do mercado, especialmente em projetos de grande escala e r\u00e1pida execu\u00e7\u00e3o. Quer saber mais? Acesse o blog da Tessa e acompanhe todas as novidades sobre nossa participa\u00e7\u00e3o na Intersolar 2025 e as inova\u00e7\u00f5es do setor solar.<\/p>","protected":false},"author":1,"featured_media":2665,"comment_status":"open","ping_status":"open","sticky":false,"template":"elementor_header_footer","format":"standard","meta":{"footnotes":""},"categories":[1],"tags":[21,22,20,23],"class_list":["post-2664","post","type-post","status-publish","format-standard","has-post-thumbnail","hentry","category-sem-categoria","tag-aco-galvanizado","tag-estrutura-metalica-2","tag-steel-frame","tag-tessa"],"yoast_head":"<!-- This site is optimized with the Yoast SEO plugin v26.5 - https:\/\/yoast.com\/wordpress\/plugins\/seo\/ -->\n<title>Tessa participa da Feicon 2026 com estruturas met\u00e1licas para telhados em projeto executado em tempo recorde - Tessa - Perfil Especial e Estrutura para Telhados de Qualidade<\/title>\n<meta name=\"description\" content=\"Realizada entre os dias 7 e 10 de abril de 2026, no S\u00e3o Paulo Expo, a Feicon 2026 refor\u00e7ou seu papel como principal evento da constru\u00e7\u00e3o civil e arquitetura no Brasil.\" \/>\n<meta name=\"robots\" content=\"index, follow, max-snippet:-1, max-image-preview:large, max-video-preview:-1\" \/>\n<link rel=\"canonical\" href=\"https:\/\/tessa.eng.br\/es\/2026\/04\/30\/tessa-participa-da-feicon-2026-com-estruturas-metalicas-para-telhados-em-projeto-executado-em-tempo-recorde\/\" \/>\n<meta property=\"og:locale\" content=\"es_ES\" \/>\n<meta property=\"og:type\" content=\"article\" \/>\n<meta property=\"og:title\" content=\"Tessa participa da Feicon 2026 com estruturas met\u00e1licas para telhados em projeto executado em tempo recorde - Tessa - Perfil Especial e Estrutura para Telhados de Qualidade\" \/>\n<meta property=\"og:description\" content=\"Realizada entre os dias 7 e 10 de abril de 2026, no S\u00e3o Paulo Expo, a Feicon 2026 refor\u00e7ou seu papel como principal evento da constru\u00e7\u00e3o civil e arquitetura no Brasil.\" \/>\n<meta property=\"og:url\" content=\"https:\/\/tessa.eng.br\/es\/2026\/04\/30\/tessa-participa-da-feicon-2026-com-estruturas-metalicas-para-telhados-em-projeto-executado-em-tempo-recorde\/\" \/>\n<meta property=\"og:site_name\" content=\"Tessa - Perfil Especial e Estrutura para Telhados de Qualidade\" \/>\n<meta property=\"article:publisher\" content=\"https:\/\/www.facebook.com\/tessa.eng.br\" \/>\n<meta property=\"article:published_time\" content=\"2026-04-30T16:55:45+00:00\" \/>\n<meta property=\"article:modified_time\" content=\"2026-04-30T17:05:09+00:00\" \/>\n<meta property=\"og:image\" content=\"https:\/\/tessa.eng.br\/wp-content\/uploads\/2026\/04\/feicon-2026-artigo-blog-tessa-capa.webp\" \/>\n\t<meta property=\"og:image:width\" content=\"1024\" \/>\n\t<meta property=\"og:image:height\" content=\"768\" \/>\n\t<meta property=\"og:image:type\" content=\"image\/webp\" \/>\n<meta name=\"author\" content=\"ao4\" \/>\n<meta name=\"twitter:card\" content=\"summary_large_image\" \/>\n<meta name=\"twitter:label1\" content=\"Escrito por\" \/>\n\t<meta name=\"twitter:data1\" content=\"ao4\" \/>\n\t<meta name=\"twitter:label2\" content=\"Tiempo de lectura\" \/>\n\t<meta name=\"twitter:data2\" content=\"5 minutos\" \/>\n<script type=\"application\/ld+json\" class=\"yoast-schema-graph\">{\"@context\":\"https:\/\/schema.org\",\"@graph\":[{\"@type\":\"Article\",\"@id\":\"https:\/\/tessa.eng.br\/2026\/04\/30\/tessa-participa-da-feicon-2026-com-estruturas-metalicas-para-telhados-em-projeto-executado-em-tempo-recorde\/#article\",\"isPartOf\":{\"@id\":\"https:\/\/tessa.eng.br\/2026\/04\/30\/tessa-participa-da-feicon-2026-com-estruturas-metalicas-para-telhados-em-projeto-executado-em-tempo-recorde\/\"},\"author\":{\"name\":\"ao4\",\"@id\":\"https:\/\/tessa.eng.br\/#\/schema\/person\/ec8ae85874be447d5e0639b34fb94227\"},\"headline\":\"Tessa participa da Feicon 2026 com estruturas met\u00e1licas para telhados em projeto executado em tempo recorde\",\"datePublished\":\"2026-04-30T16:55:45+00:00\",\"dateModified\":\"2026-04-30T17:05:09+00:00\",\"mainEntityOfPage\":{\"@id\":\"https:\/\/tessa.eng.br\/2026\/04\/30\/tessa-participa-da-feicon-2026-com-estruturas-metalicas-para-telhados-em-projeto-executado-em-tempo-recorde\/\"},\"wordCount\":546,\"commentCount\":0,\"publisher\":{\"@id\":\"https:\/\/tessa.eng.br\/#organization\"},\"image\":{\"@id\":\"https:\/\/tessa.eng.br\/2026\/04\/30\/tessa-participa-da-feicon-2026-com-estruturas-metalicas-para-telhados-em-projeto-executado-em-tempo-recorde\/#primaryimage\"},\"thumbnailUrl\":\"https:\/\/tessa.eng.br\/wp-content\/uploads\/2026\/04\/feicon-2026-artigo-blog-tessa-capa.webp\",\"keywords\":[\"A\u00e7o Galvanizado\",\"Estrutura Met\u00e1lica\",\"Steel Frame\",\"Tessa\"],\"articleSection\":[\"Sem categoria\"],\"inLanguage\":\"es-CO\",\"potentialAction\":[{\"@type\":\"CommentAction\",\"name\":\"Comment\",\"target\":[\"https:\/\/tessa.eng.br\/2026\/04\/30\/tessa-participa-da-feicon-2026-com-estruturas-metalicas-para-telhados-em-projeto-executado-em-tempo-recorde\/#respond\"]}]},{\"@type\":\"WebPage\",\"@id\":\"https:\/\/tessa.eng.br\/2026\/04\/30\/tessa-participa-da-feicon-2026-com-estruturas-metalicas-para-telhados-em-projeto-executado-em-tempo-recorde\/\",\"url\":\"https:\/\/tessa.eng.br\/2026\/04\/30\/tessa-participa-da-feicon-2026-com-estruturas-metalicas-para-telhados-em-projeto-executado-em-tempo-recorde\/\",\"name\":\"Tessa participa da Feicon 2026 com estruturas met\u00e1licas para telhados em projeto executado em tempo recorde - Tessa - Perfil Especial e Estrutura para Telhados de Qualidade\",\"isPartOf\":{\"@id\":\"https:\/\/tessa.eng.br\/#website\"},\"primaryImageOfPage\":{\"@id\":\"https:\/\/tessa.eng.br\/2026\/04\/30\/tessa-participa-da-feicon-2026-com-estruturas-metalicas-para-telhados-em-projeto-executado-em-tempo-recorde\/#primaryimage\"},\"image\":{\"@id\":\"https:\/\/tessa.eng.br\/2026\/04\/30\/tessa-participa-da-feicon-2026-com-estruturas-metalicas-para-telhados-em-projeto-executado-em-tempo-recorde\/#primaryimage\"},\"thumbnailUrl\":\"https:\/\/tessa.eng.br\/wp-content\/uploads\/2026\/04\/feicon-2026-artigo-blog-tessa-capa.webp\",\"datePublished\":\"2026-04-30T16:55:45+00:00\",\"dateModified\":\"2026-04-30T17:05:09+00:00\",\"description\":\"Realizada entre os dias 7 e 10 de abril de 2026, no S\u00e3o Paulo Expo, a Feicon 2026 refor\u00e7ou seu papel como principal evento da constru\u00e7\u00e3o civil e arquitetura no Brasil.\",\"breadcrumb\":{\"@id\":\"https:\/\/tessa.eng.br\/2026\/04\/30\/tessa-participa-da-feicon-2026-com-estruturas-metalicas-para-telhados-em-projeto-executado-em-tempo-recorde\/#breadcrumb\"},\"inLanguage\":\"es-CO\",\"potentialAction\":[{\"@type\":\"ReadAction\",\"target\":[\"https:\/\/tessa.eng.br\/2026\/04\/30\/tessa-participa-da-feicon-2026-com-estruturas-metalicas-para-telhados-em-projeto-executado-em-tempo-recorde\/\"]}]},{\"@type\":\"ImageObject\",\"inLanguage\":\"es-CO\",\"@id\":\"https:\/\/tessa.eng.br\/2026\/04\/30\/tessa-participa-da-feicon-2026-com-estruturas-metalicas-para-telhados-em-projeto-executado-em-tempo-recorde\/#primaryimage\",\"url\":\"https:\/\/tessa.eng.br\/wp-content\/uploads\/2026\/04\/feicon-2026-artigo-blog-tessa-capa.webp\",\"contentUrl\":\"https:\/\/tessa.eng.br\/wp-content\/uploads\/2026\/04\/feicon-2026-artigo-blog-tessa-capa.webp\",\"width\":1024,\"height\":768},{\"@type\":\"BreadcrumbList\",\"@id\":\"https:\/\/tessa.eng.br\/2026\/04\/30\/tessa-participa-da-feicon-2026-com-estruturas-metalicas-para-telhados-em-projeto-executado-em-tempo-recorde\/#breadcrumb\",\"itemListElement\":[{\"@type\":\"ListItem\",\"position\":1,\"name\":\"In\u00edcio\",\"item\":\"https:\/\/tessa.eng.br\/\"},{\"@type\":\"ListItem\",\"position\":2,\"name\":\"Tessa participa da Feicon 2026 com estruturas met\u00e1licas para telhados em projeto executado em tempo recorde\"}]},{\"@type\":\"WebSite\",\"@id\":\"https:\/\/tessa.eng.br\/#website\",\"url\":\"https:\/\/tessa.eng.br\/\",\"name\":\"Tessa - Perfil Especial e Estrutura para Telhados de Qualidade\",\"description\":\"\",\"publisher\":{\"@id\":\"https:\/\/tessa.eng.br\/#organization\"},\"potentialAction\":[{\"@type\":\"SearchAction\",\"target\":{\"@type\":\"EntryPoint\",\"urlTemplate\":\"https:\/\/tessa.eng.br\/?s={search_term_string}\"},\"query-input\":{\"@type\":\"PropertyValueSpecification\",\"valueRequired\":true,\"valueName\":\"search_term_string\"}}],\"inLanguage\":\"es-CO\"},{\"@type\":\"Organization\",\"@id\":\"https:\/\/tessa.eng.br\/#organization\",\"name\":\"Tessa - Perfil Especial e Estrutura para Telhados de Qualidade\",\"url\":\"https:\/\/tessa.eng.br\/\",\"logo\":{\"@type\":\"ImageObject\",\"inLanguage\":\"es-CO\",\"@id\":\"https:\/\/tessa.eng.br\/#\/schema\/logo\/image\/\",\"url\":\"https:\/\/tessa.eng.br\/wp-content\/uploads\/2025\/10\/Logo_Tessa.webp\",\"contentUrl\":\"https:\/\/tessa.eng.br\/wp-content\/uploads\/2025\/10\/Logo_Tessa.webp\",\"width\":142,\"height\":57,\"caption\":\"Tessa - Perfil Especial e Estrutura para Telhados de Qualidade\"},\"image\":{\"@id\":\"https:\/\/tessa.eng.br\/#\/schema\/logo\/image\/\"},\"sameAs\":[\"https:\/\/www.facebook.com\/tessa.eng.br\",\"https:\/\/www.instagram.com\/tessa.eng.br\/\"]},{\"@type\":\"Person\",\"@id\":\"https:\/\/tessa.eng.br\/#\/schema\/person\/ec8ae85874be447d5e0639b34fb94227\",\"name\":\"ao4\",\"image\":{\"@type\":\"ImageObject\",\"inLanguage\":\"es-CO\",\"@id\":\"https:\/\/tessa.eng.br\/#\/schema\/person\/image\/\",\"url\":\"https:\/\/secure.gravatar.com\/avatar\/27936f5c8ce771037831fd149fd90b79207c557b91da004fd08203b55b3b825d?s=96&d=mm&r=g\",\"contentUrl\":\"https:\/\/secure.gravatar.com\/avatar\/27936f5c8ce771037831fd149fd90b79207c557b91da004fd08203b55b3b825d?s=96&d=mm&r=g\",\"caption\":\"ao4\"},\"sameAs\":[\"https:\/\/tessa.eng.br\"],\"url\":\"https:\/\/tessa.eng.br\/es\/author\/ao4\/\"}]}<\/script>\n<!-- \/ Yoast SEO plugin. -->","yoast_head_json":{"title":"Tessa participa da Feicon 2026 com estruturas met\u00e1licas para telhados em projeto executado em tempo recorde - Tessa - Perfil Especial e Estrutura para Telhados de Qualidade","description":"Realizada entre os dias 7 e 10 de abril de 2026, no S\u00e3o Paulo Expo, a Feicon 2026 refor\u00e7ou seu papel como principal evento da constru\u00e7\u00e3o civil e arquitetura no Brasil.","robots":{"index":"index","follow":"follow","max-snippet":"max-snippet:-1","max-image-preview":"max-image-preview:large","max-video-preview":"max-video-preview:-1"},"canonical":"https:\/\/tessa.eng.br\/es\/2026\/04\/30\/tessa-participa-da-feicon-2026-com-estruturas-metalicas-para-telhados-em-projeto-executado-em-tempo-recorde\/","og_locale":"es_ES","og_type":"article","og_title":"Tessa participa da Feicon 2026 com estruturas met\u00e1licas para telhados em projeto executado em tempo recorde - Tessa - Perfil Especial e Estrutura para Telhados de Qualidade","og_description":"Realizada entre os dias 7 e 10 de abril de 2026, no S\u00e3o Paulo Expo, a Feicon 2026 refor\u00e7ou seu papel como principal evento da constru\u00e7\u00e3o civil e arquitetura no Brasil.","og_url":"https:\/\/tessa.eng.br\/es\/2026\/04\/30\/tessa-participa-da-feicon-2026-com-estruturas-metalicas-para-telhados-em-projeto-executado-em-tempo-recorde\/","og_site_name":"Tessa - Perfil Especial e Estrutura para Telhados de Qualidade","article_publisher":"https:\/\/www.facebook.com\/tessa.eng.br","article_published_time":"2026-04-30T16:55:45+00:00","article_modified_time":"2026-04-30T17:05:09+00:00","og_image":[{"width":1024,"height":768,"url":"https:\/\/tessa.eng.br\/wp-content\/uploads\/2026\/04\/feicon-2026-artigo-blog-tessa-capa.webp","type":"image\/webp"}],"author":"ao4","twitter_card":"summary_large_image","twitter_misc":{"Escrito por":"ao4","Tiempo de lectura":"5 minutos"},"schema":{"@context":"https:\/\/schema.org","@graph":[{"@type":"Article","@id":"https:\/\/tessa.eng.br\/2026\/04\/30\/tessa-participa-da-feicon-2026-com-estruturas-metalicas-para-telhados-em-projeto-executado-em-tempo-recorde\/#article","isPartOf":{"@id":"https:\/\/tessa.eng.br\/2026\/04\/30\/tessa-participa-da-feicon-2026-com-estruturas-metalicas-para-telhados-em-projeto-executado-em-tempo-recorde\/"},"author":{"name":"ao4","@id":"https:\/\/tessa.eng.br\/#\/schema\/person\/ec8ae85874be447d5e0639b34fb94227"},"headline":"Tessa participa da Feicon 2026 com estruturas met\u00e1licas para telhados em projeto executado em tempo recorde","datePublished":"2026-04-30T16:55:45+00:00","dateModified":"2026-04-30T17:05:09+00:00","mainEntityOfPage":{"@id":"https:\/\/tessa.eng.br\/2026\/04\/30\/tessa-participa-da-feicon-2026-com-estruturas-metalicas-para-telhados-em-projeto-executado-em-tempo-recorde\/"},"wordCount":546,"commentCount":0,"publisher":{"@id":"https:\/\/tessa.eng.br\/#organization"},"image":{"@id":"https:\/\/tessa.eng.br\/2026\/04\/30\/tessa-participa-da-feicon-2026-com-estruturas-metalicas-para-telhados-em-projeto-executado-em-tempo-recorde\/#primaryimage"},"thumbnailUrl":"https:\/\/tessa.eng.br\/wp-content\/uploads\/2026\/04\/feicon-2026-artigo-blog-tessa-capa.webp","keywords":["A\u00e7o Galvanizado","Estrutura Met\u00e1lica","Steel Frame","Tessa"],"articleSection":["Sem categoria"],"inLanguage":"es-CO","potentialAction":[{"@type":"CommentAction","name":"Comment","target":["https:\/\/tessa.eng.br\/2026\/04\/30\/tessa-participa-da-feicon-2026-com-estruturas-metalicas-para-telhados-em-projeto-executado-em-tempo-recorde\/#respond"]}]},{"@type":"WebPage","@id":"https:\/\/tessa.eng.br\/2026\/04\/30\/tessa-participa-da-feicon-2026-com-estruturas-metalicas-para-telhados-em-projeto-executado-em-tempo-recorde\/","url":"https:\/\/tessa.eng.br\/2026\/04\/30\/tessa-participa-da-feicon-2026-com-estruturas-metalicas-para-telhados-em-projeto-executado-em-tempo-recorde\/","name":"Tessa participa da Feicon 2026 com estruturas met\u00e1licas para telhados em projeto executado em tempo recorde - Tessa - Perfil Especial e Estrutura para Telhados de Qualidade","isPartOf":{"@id":"https:\/\/tessa.eng.br\/#website"},"primaryImageOfPage":{"@id":"https:\/\/tessa.eng.br\/2026\/04\/30\/tessa-participa-da-feicon-2026-com-estruturas-metalicas-para-telhados-em-projeto-executado-em-tempo-recorde\/#primaryimage"},"image":{"@id":"https:\/\/tessa.eng.br\/2026\/04\/30\/tessa-participa-da-feicon-2026-com-estruturas-metalicas-para-telhados-em-projeto-executado-em-tempo-recorde\/#primaryimage"},"thumbnailUrl":"https:\/\/tessa.eng.br\/wp-content\/uploads\/2026\/04\/feicon-2026-artigo-blog-tessa-capa.webp","datePublished":"2026-04-30T16:55:45+00:00","dateModified":"2026-04-30T17:05:09+00:00","description":"Realizada entre os dias 7 e 10 de abril de 2026, no S\u00e3o Paulo Expo, a Feicon 2026 refor\u00e7ou seu papel como principal evento da constru\u00e7\u00e3o civil e arquitetura no Brasil.","breadcrumb":{"@id":"https:\/\/tessa.eng.br\/2026\/04\/30\/tessa-participa-da-feicon-2026-com-estruturas-metalicas-para-telhados-em-projeto-executado-em-tempo-recorde\/#breadcrumb"},"inLanguage":"es-CO","potentialAction":[{"@type":"ReadAction","target":["https:\/\/tessa.eng.br\/2026\/04\/30\/tessa-participa-da-feicon-2026-com-estruturas-metalicas-para-telhados-em-projeto-executado-em-tempo-recorde\/"]}]},{"@type":"ImageObject","inLanguage":"es-CO","@id":"https:\/\/tessa.eng.br\/2026\/04\/30\/tessa-participa-da-feicon-2026-com-estruturas-metalicas-para-telhados-em-projeto-executado-em-tempo-recorde\/#primaryimage","url":"https:\/\/tessa.eng.br\/wp-content\/uploads\/2026\/04\/feicon-2026-artigo-blog-tessa-capa.webp","contentUrl":"https:\/\/tessa.eng.br\/wp-content\/uploads\/2026\/04\/feicon-2026-artigo-blog-tessa-capa.webp","width":1024,"height":768},{"@type":"BreadcrumbList","@id":"https:\/\/tessa.eng.br\/2026\/04\/30\/tessa-participa-da-feicon-2026-com-estruturas-metalicas-para-telhados-em-projeto-executado-em-tempo-recorde\/#breadcrumb","itemListElement":[{"@type":"ListItem","position":1,"name":"In\u00edcio","item":"https:\/\/tessa.eng.br\/"},{"@type":"ListItem","position":2,"name":"Tessa participa da Feicon 2026 com estruturas met\u00e1licas para telhados em projeto executado em tempo recorde"}]},{"@type":"WebSite","@id":"https:\/\/tessa.eng.br\/#website","url":"https:\/\/tessa.eng.br\/","name":"Tessa - Perfil Especial e Estrutura para Telhados de Qualidade","description":"","publisher":{"@id":"https:\/\/tessa.eng.br\/#organization"},"potentialAction":[{"@type":"SearchAction","target":{"@type":"EntryPoint","urlTemplate":"https:\/\/tessa.eng.br\/?s={search_term_string}"},"query-input":{"@type":"PropertyValueSpecification","valueRequired":true,"valueName":"search_term_string"}}],"inLanguage":"es-CO"},{"@type":"Organization","@id":"https:\/\/tessa.eng.br\/#organization","name":"Tessa - Perfil Especial e Estrutura para Telhados de Qualidade","url":"https:\/\/tessa.eng.br\/","logo":{"@type":"ImageObject","inLanguage":"es-CO","@id":"https:\/\/tessa.eng.br\/#\/schema\/logo\/image\/","url":"https:\/\/tessa.eng.br\/wp-content\/uploads\/2025\/10\/Logo_Tessa.webp","contentUrl":"https:\/\/tessa.eng.br\/wp-content\/uploads\/2025\/10\/Logo_Tessa.webp","width":142,"height":57,"caption":"Tessa - Perfil Especial e Estrutura para Telhados de Qualidade"},"image":{"@id":"https:\/\/tessa.eng.br\/#\/schema\/logo\/image\/"},"sameAs":["https:\/\/www.facebook.com\/tessa.eng.br","https:\/\/www.instagram.com\/tessa.eng.br\/"]},{"@type":"Person","@id":"https:\/\/tessa.eng.br\/#\/schema\/person\/ec8ae85874be447d5e0639b34fb94227","name":"ao4","image":{"@type":"ImageObject","inLanguage":"es-CO","@id":"https:\/\/tessa.eng.br\/#\/schema\/person\/image\/","url":"https:\/\/secure.gravatar.com\/avatar\/27936f5c8ce771037831fd149fd90b79207c557b91da004fd08203b55b3b825d?s=96&d=mm&r=g","contentUrl":"https:\/\/secure.gravatar.com\/avatar\/27936f5c8ce771037831fd149fd90b79207c557b91da004fd08203b55b3b825d?s=96&d=mm&r=g","caption":"ao4"},"sameAs":["https:\/\/tessa.eng.br"],"url":"https:\/\/tessa.eng.br\/es\/author\/ao4\/"}]}},"_links":{"self":[{"href":"https:\/\/tessa.eng.br\/es\/wp-json\/wp\/v2\/posts\/2664","targetHints":{"allow":["GET"]}}],"collection":[{"href":"https:\/\/tessa.eng.br\/es\/wp-json\/wp\/v2\/posts"}],"about":[{"href":"https:\/\/tessa.eng.br\/es\/wp-json\/wp\/v2\/types\/post"}],"author":[{"embeddable":true,"href":"https:\/\/tessa.eng.br\/es\/wp-json\/wp\/v2\/users\/1"}],"replies":[{"embeddable":true,"href":"https:\/\/tessa.eng.br\/es\/wp-json\/wp\/v2\/comments?post=2664"}],"version-history":[{"count":4,"href":"https:\/\/tessa.eng.br\/es\/wp-json\/wp\/v2\/posts\/2664\/revisions"}],"predecessor-version":[{"id":2674,"href":"https:\/\/tessa.eng.br\/es\/wp-json\/wp\/v2\/posts\/2664\/revisions\/2674"}],"wp:featuredmedia":[{"embeddable":true,"href":"https:\/\/tessa.eng.br\/es\/wp-json\/wp\/v2\/media\/2665"}],"wp:attachment":[{"href":"https:\/\/tessa.eng.br\/es\/wp-json\/wp\/v2\/media?parent=2664"}],"wp:term":[{"taxonomy":"category","embeddable":true,"href":"https:\/\/tessa.eng.br\/es\/wp-json\/wp\/v2\/categories?post=2664"},{"taxonomy":"post_tag","embeddable":true,"href":"https:\/\/tessa.eng.br\/es\/wp-json\/wp\/v2\/tags?post=2664"}],"curies":[{"name":"wp","href":"https:\/\/api.w.org\/{rel}","templated":true}]}}